{"id":2009,"date":"2019-02-06T19:42:22","date_gmt":"2019-02-06T22:42:22","guid":{"rendered":"https:\/\/clubalmacen.com\/chile\/2019\/03\/almacenes-de-chile-copy-4\/"},"modified":"2019-03-22T19:47:53","modified_gmt":"2019-03-22T22:47:53","slug":"almacenes-de-chile-copy-4","status":"publish","type":"post","link":"https:\/\/clubalmacen.com\/chile\/almacenes-de-chile-copy-4\/","title":{"rendered":"Usuarios se adaptan a la prohibici\u00f3n de bolsas pl\u00e1sticas en grandes comercios y supermercados"},"content":{"rendered":"<p><strong>CHILE\u00a0 : Las municipalidades fiscalizar\u00e1n y podr\u00e1n multar hasta por $241 mil. Los peque\u00f1os almacenes, en cambio, tienen hasta 2020 para cumplir con la ley.<\/strong><\/p>\n<p><span class=\"arial12\">\u201cRecuerda, desde el 3 de febrero, el gran comercio dejar\u00e1 de entregar bolsas pl\u00e1sticas \u00a1Prep\u00e1rate!\u201d, dice la p\u00e1gina web del Ministerio del Medio Ambiente dedicada a la promoci\u00f3n de la ley ( chaobolsasplasticas.cl ), que desde ayer proh\u00edbe los productos de este material en supermercados y el retail.<\/span><\/p>\n<p><span class=\"arial12\">La iniciativa, que fue promulgada por el Presidente Sebasti\u00e1n Pi\u00f1era el 3 de agosto, busca reducir la contaminaci\u00f3n de residuos por el \u201cuso indiscriminado de pl\u00e1sticos\u201d.<\/span><\/p>\n<p><span class=\"arial12\">Al primer d\u00eda de su implementaci\u00f3n, \u201cEl Mercurio\u201d realiz\u00f3 un sondeo por tres comunas de la Regi\u00f3n Metropolitana para evaluar el conocimiento de la ciudadan\u00eda sobre la puesta en marcha de la normativa.<\/span><\/p>\n<p><span class=\"arial12\">En Plaza Ega\u00f1a (La Reina), 15 de los 26 consultados sab\u00edan que ayer terminaba la entrega de bolsas pl\u00e1sticas. Las 11 personas restantes hab\u00edan escuchado hablar de la ley, pero desconoc\u00edan cu\u00e1ndo se har\u00eda efectiva su ejecuci\u00f3n.<\/span><\/p>\n<p><span class=\"arial12\">Soledad Tapia fue al supermercado y, aunque conoc\u00eda la nueva norma, olvid\u00f3 su bolsa de tela. \u201cTuve que comprarme una nueva, porque justo hoy (ayer) se me qued\u00f3 en casa. Pero s\u00ed sab\u00eda, lo vi en la televisi\u00f3n y las redes sociales\u201d.<\/span><\/p>\n<p><span class=\"arial12\">Los precios de las bolsas reutilizables var\u00edan entre $200 y $2.000, dependiendo del tama\u00f1o, material y el supermercado o la multitienda.<\/span><\/p>\n<p><span class=\"arial12\">La vecina de La Reina Ang\u00e9lica Castro critica que hubo poca difusi\u00f3n en los detalles de la normativa y destaca que se enter\u00f3 hace tres d\u00edas de la prohibici\u00f3n. \u201cMucha gente no sabe. Hoy d\u00eda podemos ver a personas con sus productos en las manos. Pero me gusta la idea, yo siempre traigo bolsitas de g\u00e9nero\u201d.<\/span><\/p>\n<p><span class=\"arial12\">De acuerdo con el Ministerio del Medio Ambiente, con esta medida, Chile se convierte en el primer pa\u00eds de Latinoam\u00e9rica en prohibir el uso de bolsas pl\u00e1sticas en todos los supermercados y grandes comercios del territorio nacional.<\/span><\/p>\n<p><span class=\"arial12\">Sin embargo, en otros pa\u00edses del continente, como M\u00e9xico, Argentina, Colombia y Panam\u00e1, la medida se ha instalado progresivamente.<\/span><\/p>\n<p><span class=\"arial12\">David Lora es mexicano, pero vino de vacaciones a Santiago y aplaudi\u00f3 la iniciativa. \u201cCreo que es positiva, me parec\u00eda raro que aqu\u00ed en Chile a\u00fan se dieran bolsas pl\u00e1sticas, porque en M\u00e9xico tambi\u00e9n se est\u00e1 poniendo. Yo sal\u00eda desde antes con bolsas recicladas o reutilizables\u201d.<\/span><\/p>\n<p><span class=\"arial12\">La vecina de Providencia Paula Olavarr\u00eda explica que durante los seis meses de marcha blanca se adaptaron a la ley. \u201cAl principio compr\u00e1bamos y compr\u00e1bamos bolsas reutilizables cada vez que sal\u00edamos, porque siempre nos olvid\u00e1bamos de traerla, ahora ya no nos pasa tanto\u201d.<\/span><\/p>\n<p><span class=\"arial12\">Olavarr\u00eda, quien hace sus compras en el Costanera Center, a\u00f1ade que en ocasiones la prohibici\u00f3n puede desincentivar las compras espont\u00e1neas. \u201cHoy and\u00e1bamos haciendo otras cosas, pero pasamos al supermercado a comprar algunos productos y no trajimos bolsa. Uno se adapta e igual se puede llevar las cosas en la mano si no son muchas, pero es un poco inc\u00f3modo\u201d.<\/span><\/p>\n<p><span class=\"arial12\">Adem\u00e1s, rechaza que sin bolsas pl\u00e1sticas, \u201cel tema de la basura en el departamento es m\u00e1s complicado. Ahora tenemos que comprar bolsas, o de otra forma no tenemos d\u00f3nde botar las cosas\u201d.<\/span><\/p>\n<p><span class=\"arial12\">La nueva ley indica que los peque\u00f1os almacenes tienen hasta el 2020 para adaptarse a la norma y dejar de lado las bolsas pl\u00e1sticas. Mientras tanto, los inspectores municipales son los encargados de fiscalizar a los supermercados y grandes comercios, quienes se exponen a multas de hasta 5 UTM ($241.625), en el caso de incumplir la prohibici\u00f3n.<\/span><\/p>\n<p><span class=\"arial12\">61 PA\u00cdSES<br \/>\nhan restringido el uso de bolsas pl\u00e1sticas en los comercios para reducir la cantidad de residuos.<\/span><\/p>\n<p><span class=\"arial12\">\u201dSe necesitan m\u00e1s modelos de bolsas, uno no va a llevar productos mojados o que transpiren en bolsas de papel\u201d. VALERIA BUENO Transe\u00fante<\/span><\/p>\n<p><span class=\"arial12\">\u201dMe parece incompleta esta nueva normativa, porque no tengo claro si est\u00e1 prohibido fabricar m\u00e1s bolsas, es muy gen\u00e9rico\u201d. PATRICIO VALLADARES Vecino de Santiago Centro.<br \/>\n<\/span><\/p>\n<div><\/div>\n<div><\/div>\n<div><strong>Visite la p\u00e1gina del Software El Almac\u00e9n<\/strong><\/div>\n<div><a href=\"http:\/\/www.elalmacen.cl\/new\">www.elalmacen.cl<\/a><\/div>\n<div><\/div>\n<div><strong>Visite la p\u00e1gina Almacenes de Chile<\/strong><\/div>\n<div><a href=\"http:\/\/www.almacenesdechile.cl\/\">www.almacenesdechile.cl<\/a><\/div>\n<p><strong>Fuente<\/strong>:<\/p>\n<blockquote class=\"wp-embedded-content\" data-secret=\"d8MLpwb13n\"><p><a href=\"https:\/\/www.america-retail.com\/chile\/chile-usuarios-se-adaptan-a-la-prohibicion-de-bolsas-plasticas-en-grandes-comercios-y-supermercados\/\">Chile: Usuarios se adaptan a la prohibici\u00f3n de bolsas pl\u00e1sticas en grandes comercios y supermercados<\/a><\/p><\/blockquote>\n<p><iframe loading=\"lazy\" class=\"wp-embedded-content\" sandbox=\"allow-scripts\" security=\"restricted\" style=\"position: absolute; clip: rect(1px, 1px, 1px, 1px);\" src=\"https:\/\/www.america-retail.com\/chile\/chile-usuarios-se-adaptan-a-la-prohibicion-de-bolsas-plasticas-en-grandes-comercios-y-supermercados\/embed\/#?secret=d8MLpwb13n\" data-secret=\"d8MLpwb13n\" width=\"600\" height=\"338\" title=\"&#8220;Chile: Usuarios se adaptan a la prohibici\u00f3n de bolsas pl\u00e1sticas en grandes comercios y supermercados&#8221; &#8212; Am\u00e9rica Retail\" frameborder=\"0\" marginwidth=\"0\" marginheight=\"0\" scrolling=\"no\"><\/iframe><\/p>\n","protected":false},"excerpt":{"rendered":"<p>CHILE\u00a0 : Las municipalidades fiscalizar\u00e1n y podr\u00e1n multar hasta por $241 mil. Los peque\u00f1os almacenes, en cambio, tienen hasta 2020<span class=\"excerpt-more\"> <a href=\"https:\/\/clubalmacen.com\/chile\/almacenes-de-chile-copy-4\/\" title=\"Continue reading post &quot;Usuarios se adaptan a la prohibici\u00f3n de bolsas pl\u00e1sticas en grandes comercios y supermercados&quot;\">[&#8230;]<\/a><\/span><\/p>\n","protected":false},"author":1,"featured_media":2012,"comment_status":"open","ping_status":"closed","sticky":false,"template":"","format":"standard","meta":{"footnotes":""},"categories":[65],"tags":[395,66,439,397,398,400,396,73,76,399],"class_list":["post-2009","post","type-post","status-publish","format-standard","has-post-thumbnail","hentry","category-novedades","tag-almacen","tag-almacenes-de-chile","tag-bolsas-plasticas","tag-botilleria","tag-canal-tradicional","tag-fidelizacion","tag-mimimarket","tag-negocios-de-barrio","tag-punto-de-venta","tag-trade-marketing"],"_links":{"self":[{"href":"https:\/\/clubalmacen.com\/chile\/wp-json\/wp\/v2\/posts\/2009","targetHints":{"allow":["GET"]}}],"collection":[{"href":"https:\/\/clubalmacen.com\/chile\/wp-json\/wp\/v2\/posts"}],"about":[{"href":"https:\/\/clubalmacen.com\/chile\/wp-json\/wp\/v2\/types\/post"}],"author":[{"embeddable":true,"href":"https:\/\/clubalmacen.com\/chile\/wp-json\/wp\/v2\/users\/1"}],"replies":[{"embeddable":true,"href":"https:\/\/clubalmacen.com\/chile\/wp-json\/wp\/v2\/comments?post=2009"}],"version-history":[{"count":3,"href":"https:\/\/clubalmacen.com\/chile\/wp-json\/wp\/v2\/posts\/2009\/revisions"}],"predecessor-version":[{"id":2013,"href":"https:\/\/clubalmacen.com\/chile\/wp-json\/wp\/v2\/posts\/2009\/revisions\/2013"}],"wp:featuredmedia":[{"embeddable":true,"href":"https:\/\/clubalmacen.com\/chile\/wp-json\/wp\/v2\/media\/2012"}],"wp:attachment":[{"href":"https:\/\/clubalmacen.com\/chile\/wp-json\/wp\/v2\/media?parent=2009"}],"wp:term":[{"taxonomy":"category","embeddable":true,"href":"https:\/\/clubalmacen.com\/chile\/wp-json\/wp\/v2\/categories?post=2009"},{"taxonomy":"post_tag","embeddable":true,"href":"https:\/\/clubalmacen.com\/chile\/wp-json\/wp\/v2\/tags?post=2009"}],"curies":[{"name":"wp","href":"https:\/\/api.w.org\/{rel}","templated":true}]}}