{"id":1997,"date":"2019-02-07T19:03:34","date_gmt":"2019-02-07T22:03:34","guid":{"rendered":"https:\/\/clubalmacen.com\/chile\/2019\/03\/almacenes-de-chile-copy-2\/"},"modified":"2019-03-22T19:21:18","modified_gmt":"2019-03-22T22:21:18","slug":"almacenes-de-chile-copy-2","status":"publish","type":"post","link":"https:\/\/clubalmacen.com\/chile\/almacenes-de-chile-copy-2\/","title":{"rendered":"Mercadona prescinde por completo de las bolsas de pl\u00e1stico"},"content":{"rendered":"<p><strong>ESPA\u00d1A : <\/strong>Mercadona avanza a abril de 2019 la sustituci\u00f3n total de las bolsas de pl\u00e1stico por otras de papel y material reciclado. Los clientes podr\u00e1n elegir entre tres opciones: una bolsa de papel, una bolsa con un 50-70% de pl\u00e1stico reciclado procedente del embalaje de las tiendas o una cesta de rafia.<\/p>\n<p><a href=\"https:\/\/www.mercadona.es\/\" target=\"_blank\" rel=\"noopener noreferrer\">Mercadona<\/a>\u00a0culminar\u00e1 en abril de 2019 la sustituci\u00f3n definitiva en todas sus tiendas de las bolsas de pl\u00e1stico actuales por otras de\u00a0papel, rafia y bolsas reutilizables y reciclables\u00a0que adem\u00e1s est\u00e1n fabricadas con 3.000 toneladas de\u00a0pl\u00e1stico procedente de los embalajes recuperados en sus tiendas.<\/p>\n<p>El objetivo es implantar esta\u00a0medida, que se inici\u00f3 en 2018 en 66 tiendasubicadas en Val\u00e8ncia, Bizkaia, Barcelona, Cantabria, Illes Balears, Ceuta y Melilla, al resto de la cadena de manera progresiva. La ampliaci\u00f3n comenzar\u00e1 durante el mes de febrero en Catalunya, Madrid y Navarra, y se ir\u00e1 ampliando hasta llegar a las m\u00e1s de 1.600 tiendas a mediados del pr\u00f3ximo mes de abril.<\/p>\n<p>Con esta medida \u201cEl Jefe\u201d, como la compa\u00f1\u00eda denomina internamente a sus clientes, podr\u00e1 escoger para realizar su compra diaria entre la tradicionalcesta de rafia\u00a0de 50 c\u00e9ntimos, una\u00a0bolsa de papel\u00a0de 10 c\u00e9ntimos, y una\u00a0bolsa reutilizable y reciclable\u00a0con un contenido de pl\u00e1stico reciclado entre el 50% y el 70%, tambi\u00e9n de 10 c\u00e9ntimos.<\/p>\n<p>Adem\u00e1s, la compa\u00f1\u00eda ha instalado un\u00a0nuevo mueble para las bolsas de pl\u00e1stico\u00a0que utilizan los \u201cjefes\u201d en las secciones de frescos, dotado de un nuevo sistema dispensador que reduce el despilfarro de las mismas. El mecanismo de reposici\u00f3n es m\u00e1s f\u00e1cil e intuitivo que el precedente, facilitando esta tarea al trabajador de la secci\u00f3n. Asimismo, est\u00e1 previsto que estas bolsas sean sustituidas por otras de material compostable antes de 2021. Mientras tanto, con el compromiso de reducir el consumo de pl\u00e1stico, se ha suprimido la zona de precorte para disminuir la cantidad de pl\u00e1stico que quedaba en el soporte, y que era desechada.<\/p>\n<p><img decoding=\"async\" src=\"http:\/\/controlpublicidad.com\/uploads\/2019\/02\/mercadonareciclaje-085136.jpg\" \/><\/p>\n<div><\/div>\n<div><strong>Visite la p\u00e1gina del Software El Almac\u00e9n<\/strong><\/div>\n<div><a href=\"http:\/\/www.elalmacen.cl\/new\">www.elalmacen.cl<\/a><\/div>\n<div><\/div>\n<div><strong>Visite la p\u00e1gina Almacenes de Chile<\/strong><\/div>\n<div><a href=\"http:\/\/www.almacenesdechile.cl\/\">www.almacenesdechile.cl<\/a><\/div>\n<p><strong>Fuente<\/strong>:<\/p>\n<p><a href=\"http:\/\/controlpublicidad.com\/mercadona-prescinde-por-completo-las-bosas-de-plastico\/\">http:\/\/controlpublicidad.com\/mercadona-prescinde-por-completo-las-bosas-de-plastico\/<\/a><\/p>\n","protected":false},"excerpt":{"rendered":"<p>ESPA\u00d1A : Mercadona avanza a abril de 2019 la sustituci\u00f3n total de las bolsas de pl\u00e1stico por otras de papel<span class=\"excerpt-more\"> <a href=\"https:\/\/clubalmacen.com\/chile\/almacenes-de-chile-copy-2\/\" title=\"Continue reading post &quot;Mercadona prescinde por completo de las bolsas de pl\u00e1stico&quot;\">[&#8230;]<\/a><\/span><\/p>\n","protected":false},"author":1,"featured_media":2000,"comment_status":"open","ping_status":"closed","sticky":false,"template":"","format":"standard","meta":{"footnotes":""},"categories":[65],"tags":[395,66,439,397,398,400,396,73,76,399],"class_list":["post-1997","post","type-post","status-publish","format-standard","has-post-thumbnail","hentry","category-novedades","tag-almacen","tag-almacenes-de-chile","tag-bolsas-plasticas","tag-botilleria","tag-canal-tradicional","tag-fidelizacion","tag-mimimarket","tag-negocios-de-barrio","tag-punto-de-venta","tag-trade-marketing"],"_links":{"self":[{"href":"https:\/\/clubalmacen.com\/chile\/wp-json\/wp\/v2\/posts\/1997","targetHints":{"allow":["GET"]}}],"collection":[{"href":"https:\/\/clubalmacen.com\/chile\/wp-json\/wp\/v2\/posts"}],"about":[{"href":"https:\/\/clubalmacen.com\/chile\/wp-json\/wp\/v2\/types\/post"}],"author":[{"embeddable":true,"href":"https:\/\/clubalmacen.com\/chile\/wp-json\/wp\/v2\/users\/1"}],"replies":[{"embeddable":true,"href":"https:\/\/clubalmacen.com\/chile\/wp-json\/wp\/v2\/comments?post=1997"}],"version-history":[{"count":4,"href":"https:\/\/clubalmacen.com\/chile\/wp-json\/wp\/v2\/posts\/1997\/revisions"}],"predecessor-version":[{"id":2002,"href":"https:\/\/clubalmacen.com\/chile\/wp-json\/wp\/v2\/posts\/1997\/revisions\/2002"}],"wp:featuredmedia":[{"embeddable":true,"href":"https:\/\/clubalmacen.com\/chile\/wp-json\/wp\/v2\/media\/2000"}],"wp:attachment":[{"href":"https:\/\/clubalmacen.com\/chile\/wp-json\/wp\/v2\/media?parent=1997"}],"wp:term":[{"taxonomy":"category","embeddable":true,"href":"https:\/\/clubalmacen.com\/chile\/wp-json\/wp\/v2\/categories?post=1997"},{"taxonomy":"post_tag","embeddable":true,"href":"https:\/\/clubalmacen.com\/chile\/wp-json\/wp\/v2\/tags?post=1997"}],"curies":[{"name":"wp","href":"https:\/\/api.w.org\/{rel}","templated":true}]}}