{"id":1936,"date":"2019-02-03T21:00:32","date_gmt":"2019-02-04T00:00:32","guid":{"rendered":"https:\/\/clubalmacen.com\/chile\/2019\/03\/almacenes-de-chile-00-2-copy-23\/"},"modified":"2023-08-22T18:07:47","modified_gmt":"2023-08-22T21:07:47","slug":"almacenes-de-chile-00-2-copy-23","status":"publish","type":"post","link":"https:\/\/clubalmacen.com\/chile\/almacenes-de-chile-00-2-copy-23\/","title":{"rendered":"Los negocios que generar\u00e1 Concepci\u00f3n al convertirse en la primera smartcity"},"content":{"rendered":"<p><strong>CHILE \/ Concepci\u00f3n : Si Concepci\u00f3n fuera la primera\u00a0<em>smartcity\u00a0<\/em>a nivel nacional podr\u00eda generar negocios que permitan albergar empresas que quiz\u00e1s puedan estar entre las 5 de mayor valor a nivel global.<\/strong><\/p>\n<p>De acuerdo con un empresario ligado al mundo tecnol\u00f3gico regional de las 5 compa\u00f1\u00edas de mayor valor mundial hace 10 a\u00f1os, 3 estaban relacionadas al petr\u00f3leo, mientras que hoy las 5 empresas ahora son todas tecnol\u00f3gicas.<\/p>\n<p>Si Concepci\u00f3n fuera la primera\u00a0<em>smartcity\u00a0<\/em>a nivel nacional podr\u00eda generar negocios que permitan albergar empresas que quiz\u00e1s puedan estar entre las 5 de mayor valor a nivel global.<\/p>\n<p>Claudio Maggi, director de Desarrollo e Innovaci\u00f3n de la Universidad de Concepci\u00f3n,\u00a0consultado acerca del tipo de negocios que generar\u00eda Concepci\u00f3n si fuera una ciudad inteligente, respondi\u00f3: \u201cSobre todo, debieran ser negocios orientados en las personas, por ejemplo, alternativas de movilidad sustentable, como un mejor transporte p\u00fablico, intermodal, o en combinaci\u00f3n con bicicletas p\u00fablicas (masivas en Santiago)\u201d.<\/p>\n<p>Maggi agrega que hay que considerar \u201cadem\u00e1s, aplicaciones (apps) de apoyo para la gesti\u00f3n de estacionamientos, seguridad ciudadana, respuestas \u00e1giles ante accidentes o gesti\u00f3n de flota de transporte p\u00fablico,\u00a0basadas en\u00a0<em>machine learning,<\/em> y de manera indirecta, caf\u00e9s y comercios propios de las <em>smartcitys<\/em>,\u00a0con mucho sistema de reserva o compra y\u00a0<em>delivery online,<\/em>\u00a0junto con m\u00faltiples otros que justamente resulta dif\u00edcil predecir, pues se basan en la atm\u00f3sfera innovadora que estimula toda\u00a0<em>smartcity<\/em>\u201d.<\/p>\n<p>Por su parte,\u00a0Daniel Jim\u00e9nez, presidente ejecutivo del grupo Mallconnection, dice que \u201clo primero es pensar en ser reconocidos como la primera ciudad inteligente en chile con un enfoque a integrar todos los oferentes locales, sin exclusi\u00f3n, generando un gran polo de empleo y estabilidad\u201d.<\/p>\n<p>En esta l\u00ednea, sigue Jim\u00e9nez, \u201csi logramos ser una regi\u00f3n innovadora, en que el principal foco est\u00e9 en mejorar la calidad de vida de nuestra poblaci\u00f3n y con el apoyo del gobierno regional, las universidades y los distintos grupos de inter\u00e9s, podremos ser un polo econ\u00f3mico que podr\u00edamos estar por muchos a\u00f1os siendo los primeros en Latam y con ello provocando el inter\u00e9s de todo el mundo\u201d.<\/p>\n<h2>Lo que falta para ser\u00a0<em>smart<\/em><\/h2>\n<p>En relaci\u00f3n a lo que le falta a la capital regional para ser una ciudad inteligente, el director de Desarrollo e Innovaci\u00f3n de la UdeC apunta a que\u00a0\u201cuna\u00a0<em>smartcity<\/em>\u00a0requiere\u00a0<em>hardware<\/em>\u00a0(infraestructura),\u00a0<em>software,<\/em>\u00a0y \u201c<em>brainware<\/em>\u201d\u00a0<em>smart<\/em>.\u00a0Las inversiones y mejoras de estas tres componentes suelen moverse a diferentes velocidades: normalmente la infraestructura para una ciudad inteligente (luminarias, v\u00edas, sistemas integrados para estacionamientos o flotas inteligentes) toma un ciclo de inversi\u00f3n m\u00e1s extenso\u201d.<\/p>\n<p>En este sentido, destaca Maggi \u201ces fundamental la voluntad y visi\u00f3n de autoridades para avanzar en inversiones y normativas habilitantes para ir hacia est\u00e1ndares de\u00a0<em>smartcity<\/em>, y por otro lado, el concurso de otros actores (universidades, comunidades) para empujar con el desarrollo de soluciones\u201d.<\/p>\n<p>El\u00a0alcalde \u00c1lvaro Ortiz\u00a0informa que \u201ctrabajamos para ser un municipio moderno y digital que facilite a la comunidad el acceso a tr\u00e1mites digitales e informaci\u00f3n de inter\u00e9s, pero tambi\u00e9n servicios p\u00fablicos eficientes, como la recolecci\u00f3n adecuada de\u00a0los desechos s\u00f3lidos y facilidad para el reciclaje, desarrollamos acciones para fortalecer el cuidado del medio ambiente y orientar nuestra vida hacia la sostenibilidad\u201d.<\/p>\n<p>La habilitaci\u00f3n de puntos wifi gratuitos en espacios p\u00fablicos de la comuna, atenci\u00f3n al p\u00fablico a trav\u00e9s de plataformas<em>\u00a0online<\/em>, el primer bus el\u00e9ctrico de regiones, la campa\u00f1a \u201cUn Metro para Concepci\u00f3n\u201d y la implementaci\u00f3n de puntos limpios para el cuidado del medio ambiente\u00a0son algunos de los ejemplos que el jefe comunal destaca en la materia.<\/p>\n<p>Para\u00a0C\u00e9sar Ar\u00e9valo, docente de Ingenier\u00eda en Inform\u00e1tica de Duoc UC sede Concepci\u00f3n, \u201cla administraci\u00f3n de la informaci\u00f3n ser\u00eda, en s\u00ed, una oportunidad de negocio, dando lugar a una mejor distribuci\u00f3n y acceso a recursos, construyendo un sistema social eficiente\u201d.<\/p>\n<p>&nbsp;<\/p>\n<div><strong>Visite la p\u00e1gina del Software El Almac\u00e9n<\/strong><\/div>\n<div><a href=\"http:\/\/www.elalmacen.cl\/new\">www.elalmacen.cl<\/a><\/div>\n<div><\/div>\n<div><strong>Visite la p\u00e1gina Almacenes de Chile<\/strong><\/div>\n<div><a href=\"http:\/\/www.almacenesdechile.cl\/\">www.almacenesdechile.cl<\/a><\/div>\n<p><strong>Fuente<\/strong>:<\/p>\n<p><a href=\"https:\/\/www.diarioconcepcion.cl\/economia-y-negocios\/2019\/02\/02\/los-negocios-que-generara-concepcion-al-convertirse-en-la-primera-smartcity.html\">https:\/\/www.diarioconcepcion.cl\/economia-y-negocios\/2019\/02\/02\/los-negocios-que-generara-concepcion-al-convertirse-en-la-primera-smartcity.html<\/a><\/p>\n\n","protected":false},"excerpt":{"rendered":"<p>CHILE \/ Concepci\u00f3n : Si Concepci\u00f3n fuera la primera\u00a0smartcity\u00a0a nivel nacional podr\u00eda generar negocios que permitan albergar empresas que quiz\u00e1s<span class=\"excerpt-more\"> <a href=\"https:\/\/clubalmacen.com\/chile\/almacenes-de-chile-00-2-copy-23\/\" title=\"Continue reading post &quot;Los negocios que generar\u00e1 Concepci\u00f3n al convertirse en la primera smartcity&quot;\">[&#8230;]<\/a><\/span><\/p>\n","protected":false},"author":1,"featured_media":1939,"comment_status":"open","ping_status":"closed","sticky":false,"template":"","format":"standard","meta":{"footnotes":""},"categories":[63],"tags":[395,66,397,398,400,396,73,76,520,399],"class_list":["post-1936","post","type-post","status-publish","format-standard","has-post-thumbnail","hentry","category-tecnologias-pos","tag-almacen","tag-almacenes-de-chile","tag-botilleria","tag-canal-tradicional","tag-fidelizacion","tag-mimimarket","tag-negocios-de-barrio","tag-punto-de-venta","tag-smartcity","tag-trade-marketing"],"_links":{"self":[{"href":"https:\/\/clubalmacen.com\/chile\/wp-json\/wp\/v2\/posts\/1936","targetHints":{"allow":["GET"]}}],"collection":[{"href":"https:\/\/clubalmacen.com\/chile\/wp-json\/wp\/v2\/posts"}],"about":[{"href":"https:\/\/clubalmacen.com\/chile\/wp-json\/wp\/v2\/types\/post"}],"author":[{"embeddable":true,"href":"https:\/\/clubalmacen.com\/chile\/wp-json\/wp\/v2\/users\/1"}],"replies":[{"embeddable":true,"href":"https:\/\/clubalmacen.com\/chile\/wp-json\/wp\/v2\/comments?post=1936"}],"version-history":[{"count":4,"href":"https:\/\/clubalmacen.com\/chile\/wp-json\/wp\/v2\/posts\/1936\/revisions"}],"predecessor-version":[{"id":1943,"href":"https:\/\/clubalmacen.com\/chile\/wp-json\/wp\/v2\/posts\/1936\/revisions\/1943"}],"wp:featuredmedia":[{"embeddable":true,"href":"https:\/\/clubalmacen.com\/chile\/wp-json\/wp\/v2\/media\/1939"}],"wp:attachment":[{"href":"https:\/\/clubalmacen.com\/chile\/wp-json\/wp\/v2\/media?parent=1936"}],"wp:term":[{"taxonomy":"category","embeddable":true,"href":"https:\/\/clubalmacen.com\/chile\/wp-json\/wp\/v2\/categories?post=1936"},{"taxonomy":"post_tag","embeddable":true,"href":"https:\/\/clubalmacen.com\/chile\/wp-json\/wp\/v2\/tags?post=1936"}],"curies":[{"name":"wp","href":"https:\/\/api.w.org\/{rel}","templated":true}]}}