{"id":1906,"date":"2019-03-03T11:34:07","date_gmt":"2019-03-03T14:34:07","guid":{"rendered":"https:\/\/clubalmacen.com\/chile\/2019\/03\/almacenes-de-chile-00-2-copy-18\/"},"modified":"2019-03-21T21:24:13","modified_gmt":"2019-03-22T00:24:13","slug":"almacenes-de-chile-00-2-copy-18","status":"publish","type":"post","link":"https:\/\/clubalmacen.com\/chile\/almacenes-de-chile-00-2-copy-18\/","title":{"rendered":"Bolsas pl\u00e1sticas: La ley contempla un per\u00edodo de transici\u00f3n diferenciado para los grandes comercios y los negocios locales."},"content":{"rendered":"<p><strong>CHILE :<\/strong><\/p>\n<p>El Presidente\u00a0Sebasti\u00e1n Pi\u00f1era\u00a0destac\u00f3 este viernes y en Paseo Ahumada la publicaci\u00f3n de la\u00a0ley que prohibe el uso de bolsas pl\u00e1sticas en el comercio\u00a0en todo el territorio nacional.\u00a0&#8220;Queremos pasar de la cultura de lo desechable, todo se usa y se usa y se bota, a la sana cultura de lo reciclable, la econom\u00eda circular, las cosas se usan una vez, se reciclan y se vuelven a usar&#8221;, se\u00f1al\u00f3 el Presidente.<\/p>\n<div id=\"dfp-inread\" data-google-query-id=\"CLW10e6r6-ACFQQVhgodfHMPwQ\">\n<div id=\"google_ads_iframe_\/112372207\/INREAD\/t13.cl\/inread.desktop_0__container__\"><iframe id=\"google_ads_iframe_\/112372207\/INREAD\/t13.cl\/inread.desktop_0\" title=\"3rd party ad content\" name=\"google_ads_iframe_\/112372207\/INREAD\/t13.cl\/inread.desktop_0\" width=\"1\" height=\"1\" frameborder=\"0\" marginwidth=\"0\" marginheight=\"0\" scrolling=\"no\" data-google-container-id=\"6\" data-load-complete=\"true\" data-mce-fragment=\"1\"><\/iframe><\/div>\n<\/div>\n<p>Junto con eso, detall\u00f3 que\u00a0la ley &#8220;va a entrar en vigencia en dos meses m\u00e1s para los\u00a0grandes establecimientos comerciales y en forma diferida para los medianos y peque\u00f1os&#8221;.<\/p>\n<h2>\u00bfC\u00f3mo se aplicar\u00e1?<\/h2>\n<p>Este viernes se public\u00f3 la ley en el Diario Oficial\u00a0y se aplicar\u00e1 para todo el territorio nacional en\u00a0todo tipo de comercio, ya sea desde supermercados y tiendas de retail hasta peque\u00f1os comercios como almacenes de barrio y bazares.<\/p>\n<p>En caso de las\u00a0pymes y peque\u00f1os negocios\u00a0-como almacenes de barrio o ferias libres-\u00a0tendr\u00e1n dos a\u00f1os para dejar de usar bolsas pl\u00e1sticas.<\/p>\n<h2>\u00bfMe pueden multar por usar una bolsa pl\u00e1stica?<\/h2>\n<p>No,\u00a0la prohibici\u00f3n corresponde a la de distribuci\u00f3n de bolsas pl\u00e1sticas en los comercios\u00a0de Chile, por lo tanto, no hay problema en caso de tener y usar bolsas pl\u00e1sticas para otros fines.<\/p>\n<div id=\"sas_intextContainer_8516401\"><\/div>\n<div class=\"cmaker_embed_instant_class\">\n<div class=\"SandboxRoot env-bp-350\" data-twitter-event-id=\"0\">\n<div id=\"twitter-widget-0\" class=\"EmbeddedTweet EmbeddedTweet--cta EmbeddedTweet--mediaForward media-forward js-clickToOpenTarget js-tweetIdInfo tweet-InformationCircle-widgetParent\" lang=\"es\" data-click-to-open-target=\"https:\/\/twitter.com\/MMAChile\/status\/1025395878725668864\" data-iframe-title=\"Tweet de Twitter\" data-scribe=\"page:tweet\" data-tweet-id=\"1025395878725668864\" data-twitter-event-id=\"1\">\n<article class=\"MediaCard\n           MediaCard--mediaForward\n\n           customisable-border\" dir=\"ltr\" data-scribe=\"component:card\"><\/p>\n<div class=\"MediaCard-media\" data-scribe=\"element:photo\"><a class=\"MediaCard-borderOverlay\" tabindex=\"-1\" title=\"Ver imagen en Twitter\" role=\"presentation\" href=\"https:\/\/twitter.com\/MMAChile\/status\/1025395878725668864\/photo\/1\"><span class=\"u-hiddenVisually\">Ver imagen en Twitter<\/span><\/a><\/p>\n<div class=\"MediaCard-widthConstraint js-cspForcedStyle\" data-style=\"max-width: 1080px\">\n<div class=\"MediaCard-mediaContainer js-cspForcedStyle\" data-style=\"padding-bottom: 100.0000%\"><a class=\"MediaCard-mediaAsset NaturalImage\" href=\"https:\/\/twitter.com\/MMAChile\/status\/1025395878725668864\/photo\/1\"><img loading=\"lazy\" decoding=\"async\" class=\"NaturalImage-image\" title=\"Ver imagen en Twitter\" src=\"https:\/\/pbs.twimg.com\/media\/DjrwGTOW4AIl09u?format=jpg&amp;name=small\" alt=\"Ver imagen en Twitter\" width=\"1080\" height=\"1080\" data-image=\"https:\/\/pbs.twimg.com\/media\/DjrwGTOW4AIl09u\" \/><\/a><\/div>\n<\/div>\n<\/div>\n<\/article>\n<div class=\"EmbeddedTweet-tweetContainer\">\n<div class=\"EmbeddedTweet-tweet\">\n<blockquote class=\"Tweet h-entry js-tweetIdInfo subject expanded\" cite=\"https:\/\/twitter.com\/MMAChile\/status\/1025395878725668864\" data-scribe=\"section:subject\" data-tweet-id=\"1025395878725668864\">\n<div class=\"Tweet-header\"><a class=\"TweetAuthor-avatar  Identity-avatar u-linkBlend\" href=\"https:\/\/twitter.com\/MMAChile\" aria-label=\"Min. Medio Ambiente (nombre de pantalla: MMAChile)\" data-scribe=\"element:user_link\"><img decoding=\"async\" class=\"Avatar\" src=\"https:\/\/pbs.twimg.com\/profile_images\/1045386697775542273\/_smHV8Ta_normal.jpg\" alt=\"\" data-scribe=\"element:avatar\" data-src-1x=\"https:\/\/pbs.twimg.com\/profile_images\/1045386697775542273\/_smHV8Ta_normal.jpg\" data-src-2x=\"https:\/\/pbs.twimg.com\/profile_images\/1045386697775542273\/_smHV8Ta_bigger.jpg\" \/><\/a><\/p>\n<div class=\"TweetAuthor js-inViewportScribingTarget\" data-scribe=\"component:author\">\n<div class=\"TweetAuthor-nameScreenNameContainer\"><a class=\"TweetAuthor-link Identity u-linkBlend\" href=\"https:\/\/twitter.com\/MMAChile\" aria-label=\"Min. Medio Ambiente (nombre de pantalla: MMAChile)\" data-scribe=\"element:user_link\"><span class=\"TweetAuthor-decoratedName\"><span class=\"TweetAuthor-name Identity-name customisable-highlight\" title=\"Min. Medio Ambiente\" data-scribe=\"element:name\">Min. Medio Ambiente<\/span><\/span><\/a><\/p>\n<div class=\"Icon Icon--verified \" title=\"Cuenta verificada\" role=\"img\" aria-label=\"Cuenta verificada\"><\/div>\n<p><a class=\"TweetAuthor-link Identity u-linkBlend\" href=\"https:\/\/twitter.com\/MMAChile\" aria-label=\"Min. Medio Ambiente (nombre de pantalla: MMAChile)\" data-scribe=\"element:user_link\"><span class=\"TweetAuthor-decoratedName\"><span class=\"TweetAuthor-verifiedBadge\" data-scribe=\"element:verified_badge\"><span class=\"u-hiddenVisually\">&#x2714;<\/span><\/span><\/span><span class=\"TweetAuthor-screenName Identity-screenName\" dir=\"ltr\" title=\"@MMAChile\" data-scribe=\"element:screen_name\">@MMAChile<\/span><\/a><\/div>\n<\/div>\n<div class=\"Tweet-brand\">\n<div class=\"Icon Icon--twitter \" title=\"Ver en Twitter\" role=\"presentation\" aria-label=\"Ver en Twitter\"><\/div>\n<\/div>\n<\/div>\n<div class=\"Tweet-body e-entry-content\" data-scribe=\"component:tweet\">\n<div class=\"u-hiddenVisually js-inViewportScribingTarget\"><\/div>\n<p class=\"Tweet-text e-entry-title\" dir=\"ltr\" lang=\"es\">Un <a class=\"PrettyLink hashtag customisable\" dir=\"ltr\" href=\"https:\/\/twitter.com\/hashtag\/BuenViernes?src=hash\" rel=\"tag\" data-query-source=\"hashtag_click\" data-scribe=\"element:hashtag\"><span class=\"PrettyLink-prefix\">#<\/span><span class=\"PrettyLink-value\">BuenViernes<\/span><\/a> para celebrar junt@s que todo Chile dice <a class=\"PrettyLink hashtag customisable\" dir=\"ltr\" href=\"https:\/\/twitter.com\/hashtag\/ChaoBolsasPl%C3%A1sticas?src=hash\" rel=\"tag\" data-query-source=\"hashtag_click\" data-scribe=\"element:hashtag\"><span class=\"PrettyLink-prefix\">#<\/span><span class=\"PrettyLink-value\">ChaoBolsasPl\u00e1sticas<\/span><\/a> y reafirma su compromiso con el medio ambiente <img decoding=\"async\" class=\"Emoji Emoji--forText\" title=\"Coraz\u00f3n verde\" draggable=\"false\" src=\"https:\/\/abs.twimg.com\/emoji\/v2\/72x72\/1f49a.png\" alt=\"&#x1f49a;\" aria-label=\"Emoji: Coraz\u00f3n verde\" \/><img decoding=\"async\" class=\"Emoji Emoji--forText\" title=\"Hugging face\" draggable=\"false\" src=\"https:\/\/abs.twimg.com\/emoji\/v2\/72x72\/1f917.png\" alt=\"&#x1f917;\" aria-label=\"Emoji: Hugging face\" \/><\/p>\n<div class=\"TweetInfo\">\n<div class=\"TweetInfo-like\">\n<div data-scribe=\"element:heart\">\n<div class=\"Icon Icon--heart \" title=\"Me gusta\" role=\"img\" aria-label=\"Me gusta\"><\/div>\n<\/div>\n<p><a class=\"TweetInfo-heart\" title=\"Me gusta\" href=\"https:\/\/twitter.com\/intent\/like?tweet_id=1025395878725668864\" data-scribe=\"component:actions\"><span class=\"TweetInfo-heartStat\" data-scribe=\"element:heart_count\">592<\/span><\/a><\/div>\n<div class=\"TweetInfo-timeGeo\"><a class=\"u-linkBlend u-url customisable-highlight long-permalink\" href=\"https:\/\/twitter.com\/MMAChile\/status\/1025395878725668864\" data-datetime=\"2018-08-03T15:00:03+0000\" data-scribe=\"element:full_timestamp\">12:00 &#8211; 3 ago. 2018<\/a><\/div>\n<\/div>\n<\/div>\n<\/blockquote>\n<\/div>\n<div class=\"CallToAction-icon\" data-scribe=\"element:conversation_icon\">\n<div class=\"Icon Icon--replyCTA \" title=\"Ver conversaci\u00f3n en Twitter\" role=\"img\" aria-label=\"Ver conversaci\u00f3n en Twitter\"><\/div>\n<\/div>\n<div class=\"CallToAction-text\" data-scribe=\"element:conversation_text\"><a class=\"CallToAction CallToAction--mediaForward\" title=\"Ver la conversaci\u00f3n en Twitter\" href=\"https:\/\/twitter.com\/MMAChile\/status\/1025395878725668864\" data-scribe=\"section:cta component:news\">381 personas est\u00e1n hablando de esto<\/a><\/div>\n<div class=\"CallToAction-chevron\" data-scribe=\"element:cta_chevron\">\n<div class=\"Icon Icon--chevronRightCTA \" title=\"Ver en Twitter\" role=\"img\" aria-label=\"Ver en Twitter\"><\/div>\n<\/div>\n<\/div>\n<div class=\"tweet-InformationCircle--top tweet-InformationCircle\" data-scribe=\"element:notice\"><a class=\"Icon Icon--informationCircleWhite js-inViewportScribingTarget\" title=\"Informaci\u00f3n y privacidad de Twitter Ads\" href=\"https:\/\/support.twitter.com\/articles\/20175256\"><span class=\"u-hiddenVisually\">Informaci\u00f3n y privacidad de Twitter Ads<\/span><\/a><\/div>\n<\/div>\n<div class=\"resize-sensor\">\n<div class=\"resize-sensor-expand\">\n<div><\/div>\n<\/div>\n<div class=\"resize-sensor-shrink\">\n<div><\/div>\n<\/div>\n<\/div>\n<\/div>\n<\/div>\n<h2>\u00bfQu\u00e9 pasa con las bolsas para desechos dom\u00e9sticos?<\/h2>\n<p>Desde el\u00a0Ministerio del Medio Ambiente\u00a0explican que las bolsas de pl\u00e1stico entregadas com\u00fanmente en el comercio, no est\u00e1n adaptadas para el transporte y dep\u00f3sito de desperdicios, por lo que\u00a0recomiendan utilizar las bolsas de basura tradicionales, a las que la ley no les afecta y seguir\u00e1n siendo comercializadas.<\/p>\n<h2>\u00bfAlg\u00fan producto modificar\u00e1 su empaque por la ley?<\/h2>\n<p>No. Los productos que tengan envases de pl\u00e1stico, tales como pan, pescados, legumbres, fiambres, frutas y verduras, etc. est\u00e1n exentos del proyecto, por lo que\u00a0sus envases no ser\u00e1n modificados.<\/p>\n<h2>\u00bfComercios que no cumplan ser\u00e1n multados?<\/h2>\n<p>As\u00ed es. Una vez que la ley deba ser cumplida,\u00a0los municipios fiscalizar\u00e1n y quienes no cumplan\u00a0con la normativa podr\u00e1n sermultados con 5 Unidades Tributarias Mensuales\u00a0(UTM), poco m\u00e1s de 230 mil pesos.<\/p>\n<p>El\u00a0monto de la multa ir\u00e1 en beneficio municipal\u00a0y\u00a0ser\u00e1 aplicada por el Juzgado de Polic\u00eda Local correspondiente.<\/p>\n<p>&nbsp;<\/p>\n<div><strong>Visite la p\u00e1gina del Software El Almac\u00e9n<\/strong><\/div>\n<div><a href=\"http:\/\/www.elalmacen.cl\/new\">www.elalmacen.cl<\/a><\/div>\n<div><\/div>\n<div><strong>Visite la p\u00e1gina Almacenes de Chile<\/strong><\/div>\n<div><a href=\"http:\/\/www.almacenesdechile.cl\/\">www.almacenesdechile.cl<\/a><\/div>\n<p><strong>Fuente<\/strong>:<\/p>\n<p><a href=\"http:\/\/www.t13.cl\/noticia\/nacional\/como-funcionara-este-miercoles-comienza-prohibicion-bolsas-plasticas\">http:\/\/www.t13.cl\/noticia\/nacional\/como-funcionara-este-miercoles-comienza-prohibicion-bolsas-plasticas<\/a><\/p>\n<p>&nbsp;<\/p>\n","protected":false},"excerpt":{"rendered":"<p>CHILE : El Presidente\u00a0Sebasti\u00e1n Pi\u00f1era\u00a0destac\u00f3 este viernes y en Paseo Ahumada la publicaci\u00f3n de la\u00a0ley que prohibe el uso de<span class=\"excerpt-more\"> <a href=\"https:\/\/clubalmacen.com\/chile\/almacenes-de-chile-00-2-copy-18\/\" title=\"Continue reading post &quot;Bolsas pl\u00e1sticas: La ley contempla un per\u00edodo de transici\u00f3n diferenciado para los grandes comercios y los negocios locales.&quot;\">[&#8230;]<\/a><\/span><\/p>\n","protected":false},"author":1,"featured_media":1909,"comment_status":"open","ping_status":"closed","sticky":false,"template":"","format":"standard","meta":{"footnotes":""},"categories":[65],"tags":[395,66,439,397,398,400,396,73,76,399],"class_list":["post-1906","post","type-post","status-publish","format-standard","has-post-thumbnail","hentry","category-novedades","tag-almacen","tag-almacenes-de-chile","tag-bolsas-plasticas","tag-botilleria","tag-canal-tradicional","tag-fidelizacion","tag-mimimarket","tag-negocios-de-barrio","tag-punto-de-venta","tag-trade-marketing"],"_links":{"self":[{"href":"https:\/\/clubalmacen.com\/chile\/wp-json\/wp\/v2\/posts\/1906","targetHints":{"allow":["GET"]}}],"collection":[{"href":"https:\/\/clubalmacen.com\/chile\/wp-json\/wp\/v2\/posts"}],"about":[{"href":"https:\/\/clubalmacen.com\/chile\/wp-json\/wp\/v2\/types\/post"}],"author":[{"embeddable":true,"href":"https:\/\/clubalmacen.com\/chile\/wp-json\/wp\/v2\/users\/1"}],"replies":[{"embeddable":true,"href":"https:\/\/clubalmacen.com\/chile\/wp-json\/wp\/v2\/comments?post=1906"}],"version-history":[{"count":3,"href":"https:\/\/clubalmacen.com\/chile\/wp-json\/wp\/v2\/posts\/1906\/revisions"}],"predecessor-version":[{"id":1908,"href":"https:\/\/clubalmacen.com\/chile\/wp-json\/wp\/v2\/posts\/1906\/revisions\/1908"}],"wp:featuredmedia":[{"embeddable":true,"href":"https:\/\/clubalmacen.com\/chile\/wp-json\/wp\/v2\/media\/1909"}],"wp:attachment":[{"href":"https:\/\/clubalmacen.com\/chile\/wp-json\/wp\/v2\/media?parent=1906"}],"wp:term":[{"taxonomy":"category","embeddable":true,"href":"https:\/\/clubalmacen.com\/chile\/wp-json\/wp\/v2\/categories?post=1906"},{"taxonomy":"post_tag","embeddable":true,"href":"https:\/\/clubalmacen.com\/chile\/wp-json\/wp\/v2\/tags?post=1906"}],"curies":[{"name":"wp","href":"https:\/\/api.w.org\/{rel}","templated":true}]}}