{"id":1897,"date":"2019-03-11T11:09:22","date_gmt":"2019-03-11T14:09:22","guid":{"rendered":"https:\/\/clubalmacen.com\/chile\/2019\/03\/almacenes-de-chile-00-2-copy-17\/"},"modified":"2019-03-21T11:20:14","modified_gmt":"2019-03-21T14:20:14","slug":"almacenes-de-chile-00-2-copy-17","status":"publish","type":"post","link":"https:\/\/clubalmacen.com\/chile\/almacenes-de-chile-00-2-copy-17\/","title":{"rendered":"Almacenes de Chile 2019"},"content":{"rendered":"<p><strong>CHILE \/ El Quisco :<\/strong><\/p>\n<p>No olvides postular al programa de Sercotec &#8220;Almacenes de Chile 2019&#8221;, desde hoy 07 de marzo.<\/p>\n<p>Subsidio no reembolsable de hasta $2.000.000, empresa postulante debe aportar el 20% sobre lo solicitado<\/p>\n<p>Requisitos:<span class=\"text_exposed_show\"><br \/>\nEmpresas Naturales o Jur\u00eddicas. Tienen que tener m\u00e1s de un de Iniciaci\u00f3n de actividades. Ventas netas menores a 5,000 UF. Rotiser\u00edas, minimarket, o minimercados, pasteler\u00edas, panader\u00edas, amasander\u00eda, carnicer\u00edas, pescader\u00edas, helader\u00edas, botiller\u00edas, confiter\u00edas, chocolater\u00edas, tostadurias frutos del pa\u00eds, fruter\u00edas y verduler\u00edas, bazares y librer\u00edas de barrio.<\/span><\/p>\n<div class=\"text_exposed_show\">\n<p>Capacitaciones de este beneficio se realizar\u00e1 el pr\u00f3ximo 18 de marzo en el Centro Cultural Camilo Mori.<\/p>\n<p>No faltes!<\/p>\n<p>&nbsp;<\/p>\n<\/div>\n<div><strong>Visite la p\u00e1gina del Software El Almac\u00e9n<\/strong><\/div>\n<div><a href=\"http:\/\/www.elalmacen.cl\/new\">www.elalmacen.cl<\/a><\/div>\n<div><\/div>\n<div><strong>Visite la p\u00e1gina Almacenes de Chile<\/strong><\/div>\n<div><a href=\"http:\/\/www.almacenesdechile.cl\/\">www.almacenesdechile.cl<\/a><\/div>\n<p><strong>Fuente<\/strong>:<\/p>\n<p><a href=\"https:\/\/www.elquisco.cl\/index.php\/noticias\/comuna\/item\/1255-almacenes-de-chile-2019\">https:\/\/www.elquisco.cl\/index.php\/noticias\/comuna\/item\/1255-almacenes-de-chile-2019<\/a><\/p>\n<p>&nbsp;<\/p>\n","protected":false},"excerpt":{"rendered":"<p>CHILE \/ El Quisco : No olvides postular al programa de Sercotec &#8220;Almacenes de Chile 2019&#8221;, desde hoy 07 de<span class=\"excerpt-more\"> <a href=\"https:\/\/clubalmacen.com\/chile\/almacenes-de-chile-00-2-copy-17\/\" title=\"Continue reading post &quot;Almacenes de Chile 2019&quot;\">[&#8230;]<\/a><\/span><\/p>\n","protected":false},"author":1,"featured_media":1900,"comment_status":"open","ping_status":"closed","sticky":false,"template":"","format":"standard","meta":{"footnotes":""},"categories":[61],"tags":[395,66,397,398,400,396,73,76,399],"class_list":["post-1897","post","type-post","status-publish","format-standard","has-post-thumbnail","hentry","category-almacenes-de-chile","tag-almacen","tag-almacenes-de-chile","tag-botilleria","tag-canal-tradicional","tag-fidelizacion","tag-mimimarket","tag-negocios-de-barrio","tag-punto-de-venta","tag-trade-marketing"],"_links":{"self":[{"href":"https:\/\/clubalmacen.com\/chile\/wp-json\/wp\/v2\/posts\/1897","targetHints":{"allow":["GET"]}}],"collection":[{"href":"https:\/\/clubalmacen.com\/chile\/wp-json\/wp\/v2\/posts"}],"about":[{"href":"https:\/\/clubalmacen.com\/chile\/wp-json\/wp\/v2\/types\/post"}],"author":[{"embeddable":true,"href":"https:\/\/clubalmacen.com\/chile\/wp-json\/wp\/v2\/users\/1"}],"replies":[{"embeddable":true,"href":"https:\/\/clubalmacen.com\/chile\/wp-json\/wp\/v2\/comments?post=1897"}],"version-history":[{"count":3,"href":"https:\/\/clubalmacen.com\/chile\/wp-json\/wp\/v2\/posts\/1897\/revisions"}],"predecessor-version":[{"id":1901,"href":"https:\/\/clubalmacen.com\/chile\/wp-json\/wp\/v2\/posts\/1897\/revisions\/1901"}],"wp:featuredmedia":[{"embeddable":true,"href":"https:\/\/clubalmacen.com\/chile\/wp-json\/wp\/v2\/media\/1900"}],"wp:attachment":[{"href":"https:\/\/clubalmacen.com\/chile\/wp-json\/wp\/v2\/media?parent=1897"}],"wp:term":[{"taxonomy":"category","embeddable":true,"href":"https:\/\/clubalmacen.com\/chile\/wp-json\/wp\/v2\/categories?post=1897"},{"taxonomy":"post_tag","embeddable":true,"href":"https:\/\/clubalmacen.com\/chile\/wp-json\/wp\/v2\/tags?post=1897"}],"curies":[{"name":"wp","href":"https:\/\/api.w.org\/{rel}","templated":true}]}}